[{"@context":"https:\/\/schema.org\/","@type":"Article","@id":"https:\/\/www.sabisro.cz\/vybavte-se-jako-profesional\/#Article","mainEntityOfPage":"https:\/\/www.sabisro.cz\/vybavte-se-jako-profesional\/","headline":"Vybavte se jako profesion\u00e1l","name":"Vybavte se jako profesion\u00e1l","description":"Zeje va\u0161e d\u00edlna pr\u00e1zdnotou, pokud jde o kvalitn\u00ed vybaven\u00ed? Chcete pracovat s kvalitn\u00edm n\u00e1\u0159ad\u00edm, ale nev\u00edte, kde n\u011bjak\u00e9 sehnat? Jestli\u017ee ano, pak se pod\u00edvejte do na\u0161eho v\u00fdb\u011bru, kde m\u016f\u017eete naj\u00edt kvalitn\u00ed Bosch n\u00e1\u0159ad\u00ed, kter\u00e9 se \u0159ad\u00ed mezi \u0161pi\u010dku, kterou si jako kutilov\u00e9 m\u016f\u017eete po\u0159\u00eddit. Jedn\u00e1 se o ucelenou \u0159adu nejr\u016fzn\u011bj\u0161\u00edho vybaven\u00ed jak pro d\u00edlnu, tak [&hellip;]","datePublished":"2023-09-23","dateModified":"2023-09-23","author":{"@type":"Person","@id":"https:\/\/www.sabisro.cz\/author\/#Person","name":"","url":"https:\/\/www.sabisro.cz\/author\/","identifier":1,"image":{"@type":"ImageObject","@id":"https:\/\/secure.gravatar.com\/avatar\/4a71ad3e3da672fdab00dac6e0f7e744f8cb217202b101d0ffab0cf07645e95c?s=96&d=mm&r=g","url":"https:\/\/secure.gravatar.com\/avatar\/4a71ad3e3da672fdab00dac6e0f7e744f8cb217202b101d0ffab0cf07645e95c?s=96&d=mm&r=g","height":96,"width":96}},"publisher":{"@type":"Organization","name":"sabisro.cz","logo":{"@type":"ImageObject","@id":"\/logo.png","url":"\/logo.png","width":600,"height":60}},"url":"https:\/\/www.sabisro.cz\/vybavte-se-jako-profesional\/","wordCount":237,"articleBody":"Zeje va\u0161e d\u00edlna pr\u00e1zdnotou, pokud jde o kvalitn\u00ed vybaven\u00ed? Chcete pracovat s kvalitn\u00edm n\u00e1\u0159ad\u00edm, ale nev\u00edte, kde n\u011bjak\u00e9 sehnat? Jestli\u017ee ano, pak se pod\u00edvejte do na\u0161eho v\u00fdb\u011bru, kde m\u016f\u017eete naj\u00edt kvalitn\u00ed Bosch n\u00e1\u0159ad\u00ed, kter\u00e9 se \u0159ad\u00ed mezi \u0161pi\u010dku, kterou si jako kutilov\u00e9 m\u016f\u017eete po\u0159\u00eddit. Jedn\u00e1 se o ucelenou \u0159adu nejr\u016fzn\u011bj\u0161\u00edho vybaven\u00ed jak pro d\u00edlnu, tak pro zahradu, ale i pro profesion\u00e1ln\u00ed pou\u017eit\u00ed. P\u0159i v\u00fdb\u011bru byste m\u011bli db\u00e1t p\u0159edev\u0161\u00edm na mo\u017enou cenovou hladinu a tak\u00e9 na to, co vlastn\u011b od tohoto vybaven\u00ed po\u017eadujete. V \u017e\u00e1dn\u00e9m p\u0159\u00edpad\u011b se ale nebojte, \u017ee byste si nevybrali.Ide\u00e1ln\u00ed i pro n\u00e1ro\u010dn\u00e9Velkou v\u00fdhodou tohoto vybaven\u00ed je skute\u010dnost, \u017ee je dostupn\u00e9 opravdu v\u0161em. Nez\u00e1le\u017e\u00ed tedy na tom, zdali pracujete pouze ve sv\u00e9 d\u00edln\u011b, anebo hled\u00e1te po\u0159\u00e1dn\u00e9 vybaven\u00ed pro va\u0161e pracovn\u00edky do profesion\u00e1ln\u00ed d\u00edlny. Vybavit se kvalitn\u00edmi prost\u0159edky nikdy nebylo tak jednoduch\u00e9, jako pr\u00e1v\u011b dnes. Vezm\u011bte si tedy p\u0159\u00edklad z na\u0161\u00ed nab\u00eddky, a pokud byste m\u011bli o n\u011bjak\u00fd produkt z\u00e1jem, rozhodn\u011b nev\u00e1hejte a po\u0159i\u010fte si jej, uvid\u00edte, \u017ee budete nad\u0161eni a va\u0161e pr\u00e1ce bude ods\u00fdpat.                                                                                                                                                                                                                                                                                                                                                                                        3.9\/5 - (15 votes)        "},{"@context":"https:\/\/schema.org\/","@type":"BreadcrumbList","itemListElement":[{"@type":"ListItem","position":1,"name":"Vybavte se jako profesion\u00e1l","item":"https:\/\/www.sabisro.cz\/vybavte-se-jako-profesional\/#breadcrumbitem"}]}]